{"id":1248,"date":"2022-04-09T10:27:00","date_gmt":"2022-04-09T10:27:00","guid":{"rendered":"https:\/\/boschgrowers.com\/bosch-growers-recibe-a-los-ministros-staghouwer-y-jetten\/"},"modified":"2026-03-19T11:23:12","modified_gmt":"2026-03-19T11:23:12","slug":"bosch-growers-recibe-a-los-ministros-staghouwer-y-jetten","status":"publish","type":"post","link":"https:\/\/boschgrowers.com\/es\/bosch-growers-recibe-a-los-ministros-staghouwer-y-jetten\/","title":{"rendered":"Bosch Growers recibe a los ministros Staghouwer y Jetten"},"content":{"rendered":"\n<h1 class=\"wp-block-heading\">Sin compromisos en firme, pero con satisfacci\u00f3n tras la visita de los ministros al invernadero<\/h1>\n\n<p>\u00abY a usted, Jaco, \u00bfqu\u00e9 tal le parece trabajar con sus dos hijos en la empresa? \u00bfLe resulta dif\u00edcil delegar responsabilidades?\u00bb. Las preguntas iniciales de inter\u00e9s del ministro Staghouwer (Agricultura, Naturaleza y Calidad Alimentaria) a Jaco van den Bosch \u2014quien, junto a sus hijos Wouter y Tijmen, fue el anfitri\u00f3n de esta visita a la horticultura protegida iniciada por Glastuinbouw Nederland\u2014 marcaron el ambiente. Su colega Jetten (Clima y Energ\u00eda) se centr\u00f3 m\u00e1s en el contenido t\u00e9cnico que en el esp\u00edritu empresarial, aunque su aportaci\u00f3n e inter\u00e9s tambi\u00e9n se percibieron como constructivos.<\/p>\n\n<figure class=\"wp-block-image size-full\"><img decoding=\"async\" src=\"https:\/\/boschgrowers.com\/wp-content\/uploads\/2022\/04\/csm_Bezoek_ministers_2_4207b0ed72.png\" alt=\"\" class=\"wp-image-1116\"\/><\/figure>\n\n<p>Como era de esperar, la visita de los ministros Staghouwer y Jetten el viernes 18 de marzo por la tarde estuvo centrada en la energ\u00eda. Adri Bom-Lemstra, de Glastuinbouw Nederland, desempe\u00f1\u00f3 un papel coordinador. \u00abRecuerdo esta visita de trabajo con una sensaci\u00f3n positiva. Se trataron much\u00edsimos temas y los empresarios se complementaron perfectamente con situaciones pr\u00e1cticas con las que muchos horticultores est\u00e1n lidiando actualmente y que derivan en situaciones preocupantes\u00bb.  <\/p>\n\n<p><strong>Posibles soluciones<\/strong><br\/>Se eligieron las instalaciones de Bosch Growers en Bleiswijk, donde se cultivan pimientos verdes. En la ubicaci\u00f3n de Berkel en Rodenrijs se encuentra un cultivo innovador de moras. Adem\u00e1s de Jaco, Wouter y Tijmen van den Bosch, se invit\u00f3 a otros dos productores colegas para informar a ambos ministros sobre la situaci\u00f3n personal de sus empresas, su visi\u00f3n sobre la problem\u00e1tica actual y las posibles soluciones.<br\/>Sebastiaan Breugem, de la empresa de tomates Breugem Horticulture, destac\u00f3, entre otras cosas, su situaci\u00f3n tras los problemas t\u00e9cnicos con el pozo de energ\u00eda geot\u00e9rmica que suministraba calor a su empresa y a otras tres explotaciones. Willem van der Voort, de Levoplant, particip\u00f3 en la reuni\u00f3n tambi\u00e9n debido a su cargo directivo en la Cooperativa de Calor Maasdijk. El objetivo de la cooperativa es suministrar calor tambi\u00e9n a las viviendas de la zona, pero el director de Levoplant indic\u00f3 que, con el actual sistema de subvenciones SDE, muchos proyectos de geotermia se paralizar\u00e1n este a\u00f1o.    <\/p>\n\n<p><strong>Numerosos temas de actualidad<\/strong><br\/>Como se ha mencionado, ambos ministros mostraron gran inter\u00e9s por las experiencias de los empresarios presentes, quienes tuvieron amplia oportunidad de exponer su situaci\u00f3n. Jetten y Staghouwer plantearon alternativamente preguntas como: qu\u00e9 creen que debe cambiar, c\u00f3mo visualizan su trayectoria para los pr\u00f3ximos diez a\u00f1os, qu\u00e9 prioridades desean transmitirnos o d\u00f3nde debe residir la gesti\u00f3n en el intercambio de energ\u00eda.<br\/>Evidentemente no se alcanzaron compromisos en firme, pero todos los asistentes se mostraron satisfechos con la interacci\u00f3n. El beneficio reside en el intercambio directo de impresiones con dos ministros clave sobre temas de actualidad como: el suministro de CO2, las fuentes de CO2, los proyectos de calor sostenible, las redes de calor, el calor residual, la geotermia, los permisos ambientales, las licencias mineras, las subvenciones SDE, los acumuladores de calor y las rotondas t\u00e9rmicas.   <\/p>\n\n<p><strong>Orgullo y vulnerabilidad<\/strong><br\/>\u00abLa horticultura protegida ya ha definido su visi\u00f3n para 2040. El sector tiene la firme ambici\u00f3n de alcanzarla\u00bb, indic\u00f3 Adri Bom-Lemstra. Wouter van den Bosch afirm\u00f3 sentirse orgulloso de lo que la horticultura holandesa ha logrado en los \u00faltimos a\u00f1os. El ministro Staghouwer respondi\u00f3 afirmativamente, aunque a\u00f1adi\u00f3 como conclusi\u00f3n que la situaci\u00f3n actual tambi\u00e9n demuestra lo vulnerable que es el sector hort\u00edcola.   <\/p>\n\n<p><\/p>\n\n<figure class=\"wp-block-image size-full\"><img decoding=\"async\" src=\"https:\/\/boschgrowers.com\/wp-content\/uploads\/2022\/04\/kas.jpg\" alt=\"\" class=\"wp-image-1118\"\/><\/figure>\n\n<p><a href=\"https:\/\/www.glastuinbouwnederland.nl\/nieuws\/telers-en-glastuinbouw-nederland-tevreden-over-bezoek-ministers-staghouwer-en-jetten\/\">https:\/\/www.glastuinbouwnederland.nl\/nieuws\/telers-en-glastuinbouw-nederland-tevreden-over-bezoek-ministers-staghouwer-en-jetten\/<\/a><\/p>\n","protected":false},"excerpt":{"rendered":"<p>Los ministros Staghouwer y Jetten conversan con los productores de Bosch Growers: un di\u00e1logo abierto sobre energ\u00eda, planes de futuro y la vulnerabilidad del sector.<\/p>\n","protected":false},"author":1,"featured_media":1250,"comment_status":"closed","ping_status":"","sticky":false,"template":"","format":"standard","meta":{"footnotes":""},"categories":[19],"tags":[],"class_list":["post-1248","post","type-post","status-publish","format-standard","has-post-thumbnail","hentry","category-sin-categorizar"],"yoast_head":"<!-- This site is optimized with the Yoast SEO plugin v27.2 - https:\/\/yoast.com\/product\/yoast-seo-wordpress\/ -->\n<title>Bosch Growers recibe a los ministros Staghouwer y Jetten - Bosch Growers<\/title>\n<meta name=\"robots\" content=\"index, follow, max-snippet:-1, max-image-preview:large, max-video-preview:-1\" \/>\n<link rel=\"canonical\" href=\"https:\/\/boschgrowers.com\/es\/bosch-growers-recibe-a-los-ministros-staghouwer-y-jetten\/\" \/>\n<meta property=\"og:locale\" content=\"es_ES\" \/>\n<meta property=\"og:type\" content=\"article\" \/>\n<meta property=\"og:title\" content=\"Bosch Growers recibe a los ministros Staghouwer y Jetten - Bosch Growers\" \/>\n<meta property=\"og:description\" content=\"Los ministros Staghouwer y Jetten conversan con los productores de Bosch Growers: un di\u00e1logo abierto sobre energ\u00eda, planes de futuro y la vulnerabilidad del sector.\" \/>\n<meta property=\"og:url\" content=\"https:\/\/boschgrowers.com\/es\/bosch-growers-recibe-a-los-ministros-staghouwer-y-jetten\/\" \/>\n<meta property=\"og:site_name\" content=\"Bosch Growers\" \/>\n<meta property=\"article:published_time\" content=\"2022-04-09T10:27:00+00:00\" \/>\n<meta property=\"article:modified_time\" content=\"2026-03-19T11:23:12+00:00\" \/>\n<meta property=\"og:image\" content=\"https:\/\/boschgrowers.com\/wp-content\/uploads\/2022\/04\/csm_Bezoek_ministers_2_4207b0ed72.jpg\" \/>\n\t<meta property=\"og:image:width\" content=\"657\" \/>\n\t<meta property=\"og:image:height\" content=\"262\" \/>\n\t<meta property=\"og:image:type\" content=\"image\/jpeg\" \/>\n<meta name=\"author\" content=\"Bosch@Admin\" \/>\n<meta name=\"twitter:card\" content=\"summary_large_image\" \/>\n<meta name=\"twitter:label1\" content=\"Escrito por\" \/>\n\t<meta name=\"twitter:data1\" content=\"Bosch@Admin\" \/>\n\t<meta name=\"twitter:label2\" content=\"Tiempo de lectura\" \/>\n\t<meta name=\"twitter:data2\" content=\"3 minutos\" \/>\n<script type=\"application\/ld+json\" class=\"yoast-schema-graph\">{\"@context\":\"https:\/\/schema.org\",\"@graph\":[{\"@type\":\"Article\",\"@id\":\"https:\/\/boschgrowers.com\/es\/bosch-growers-recibe-a-los-ministros-staghouwer-y-jetten\/#article\",\"isPartOf\":{\"@id\":\"https:\/\/boschgrowers.com\/es\/bosch-growers-recibe-a-los-ministros-staghouwer-y-jetten\/\"},\"author\":{\"name\":\"Bosch@Admin\",\"@id\":\"https:\/\/boschgrowers.com\/es\/#\/schema\/person\/70a165c155a0f5cf39492267c2dcdf49\"},\"headline\":\"Bosch Growers recibe a los ministros Staghouwer y Jetten\",\"datePublished\":\"2022-04-09T10:27:00+00:00\",\"dateModified\":\"2026-03-19T11:23:12+00:00\",\"mainEntityOfPage\":{\"@id\":\"https:\/\/boschgrowers.com\/es\/bosch-growers-recibe-a-los-ministros-staghouwer-y-jetten\/\"},\"wordCount\":604,\"publisher\":{\"@id\":\"https:\/\/boschgrowers.com\/es\/#organization\"},\"image\":{\"@id\":\"https:\/\/boschgrowers.com\/es\/bosch-growers-recibe-a-los-ministros-staghouwer-y-jetten\/#primaryimage\"},\"thumbnailUrl\":\"https:\/\/boschgrowers.com\/wp-content\/uploads\/2022\/04\/csm_Bezoek_ministers_2_4207b0ed72.jpg\",\"articleSection\":[\"Sin categorizar\"],\"inLanguage\":\"es\"},{\"@type\":\"WebPage\",\"@id\":\"https:\/\/boschgrowers.com\/es\/bosch-growers-recibe-a-los-ministros-staghouwer-y-jetten\/\",\"url\":\"https:\/\/boschgrowers.com\/es\/bosch-growers-recibe-a-los-ministros-staghouwer-y-jetten\/\",\"name\":\"Bosch Growers recibe a los ministros Staghouwer y Jetten - Bosch Growers\",\"isPartOf\":{\"@id\":\"https:\/\/boschgrowers.com\/es\/#website\"},\"primaryImageOfPage\":{\"@id\":\"https:\/\/boschgrowers.com\/es\/bosch-growers-recibe-a-los-ministros-staghouwer-y-jetten\/#primaryimage\"},\"image\":{\"@id\":\"https:\/\/boschgrowers.com\/es\/bosch-growers-recibe-a-los-ministros-staghouwer-y-jetten\/#primaryimage\"},\"thumbnailUrl\":\"https:\/\/boschgrowers.com\/wp-content\/uploads\/2022\/04\/csm_Bezoek_ministers_2_4207b0ed72.jpg\",\"datePublished\":\"2022-04-09T10:27:00+00:00\",\"dateModified\":\"2026-03-19T11:23:12+00:00\",\"breadcrumb\":{\"@id\":\"https:\/\/boschgrowers.com\/es\/bosch-growers-recibe-a-los-ministros-staghouwer-y-jetten\/#breadcrumb\"},\"inLanguage\":\"es\",\"potentialAction\":[{\"@type\":\"ReadAction\",\"target\":[\"https:\/\/boschgrowers.com\/es\/bosch-growers-recibe-a-los-ministros-staghouwer-y-jetten\/\"]}]},{\"@type\":\"ImageObject\",\"inLanguage\":\"es\",\"@id\":\"https:\/\/boschgrowers.com\/es\/bosch-growers-recibe-a-los-ministros-staghouwer-y-jetten\/#primaryimage\",\"url\":\"https:\/\/boschgrowers.com\/wp-content\/uploads\/2022\/04\/csm_Bezoek_ministers_2_4207b0ed72.jpg\",\"contentUrl\":\"https:\/\/boschgrowers.com\/wp-content\/uploads\/2022\/04\/csm_Bezoek_ministers_2_4207b0ed72.jpg\",\"width\":657,\"height\":262},{\"@type\":\"BreadcrumbList\",\"@id\":\"https:\/\/boschgrowers.com\/es\/bosch-growers-recibe-a-los-ministros-staghouwer-y-jetten\/#breadcrumb\",\"itemListElement\":[{\"@type\":\"ListItem\",\"position\":1,\"name\":\"Home\",\"item\":\"https:\/\/boschgrowers.com\/es\/inicio\/\"},{\"@type\":\"ListItem\",\"position\":2,\"name\":\"Bosch Growers recibe a los ministros Staghouwer y Jetten\"}]},{\"@type\":\"WebSite\",\"@id\":\"https:\/\/boschgrowers.com\/es\/#website\",\"url\":\"https:\/\/boschgrowers.com\/es\/\",\"name\":\"Bosch Growers\",\"description\":\"Specialist in hightechtuinbouw\",\"publisher\":{\"@id\":\"https:\/\/boschgrowers.com\/es\/#organization\"},\"potentialAction\":[{\"@type\":\"SearchAction\",\"target\":{\"@type\":\"EntryPoint\",\"urlTemplate\":\"https:\/\/boschgrowers.com\/es\/?s={search_term_string}\"},\"query-input\":{\"@type\":\"PropertyValueSpecification\",\"valueRequired\":true,\"valueName\":\"search_term_string\"}}],\"inLanguage\":\"es\"},{\"@type\":\"Organization\",\"@id\":\"https:\/\/boschgrowers.com\/es\/#organization\",\"name\":\"Bosch Growers\",\"url\":\"https:\/\/boschgrowers.com\/es\/\",\"logo\":{\"@type\":\"ImageObject\",\"inLanguage\":\"es\",\"@id\":\"https:\/\/boschgrowers.com\/es\/#\/schema\/logo\/image\/\",\"url\":\"https:\/\/boschgrowers.com\/wp-content\/uploads\/2026\/03\/Bosch-growers-logo-RGB.png\",\"contentUrl\":\"https:\/\/boschgrowers.com\/wp-content\/uploads\/2026\/03\/Bosch-growers-logo-RGB.png\",\"width\":568,\"height\":538,\"caption\":\"Bosch Growers\"},\"image\":{\"@id\":\"https:\/\/boschgrowers.com\/es\/#\/schema\/logo\/image\/\"}},{\"@type\":\"Person\",\"@id\":\"https:\/\/boschgrowers.com\/es\/#\/schema\/person\/70a165c155a0f5cf39492267c2dcdf49\",\"name\":\"Bosch@Admin\",\"image\":{\"@type\":\"ImageObject\",\"inLanguage\":\"es\",\"@id\":\"https:\/\/secure.gravatar.com\/avatar\/e4fdc5761e0fb940656c2021ab22c0cc77f83d4c8c83951367ea06261bf385e3?s=96&d=mm&r=g\",\"url\":\"https:\/\/secure.gravatar.com\/avatar\/e4fdc5761e0fb940656c2021ab22c0cc77f83d4c8c83951367ea06261bf385e3?s=96&d=mm&r=g\",\"contentUrl\":\"https:\/\/secure.gravatar.com\/avatar\/e4fdc5761e0fb940656c2021ab22c0cc77f83d4c8c83951367ea06261bf385e3?s=96&d=mm&r=g\",\"caption\":\"Bosch@Admin\"},\"sameAs\":[\"https:\/\/boschgrowers.com\"],\"url\":\"https:\/\/boschgrowers.com\/es\/author\/boschadmin\/\"}]}<\/script>\n<!-- \/ Yoast SEO plugin. -->","yoast_head_json":{"title":"Bosch Growers recibe a los ministros Staghouwer y Jetten - Bosch Growers","robots":{"index":"index","follow":"follow","max-snippet":"max-snippet:-1","max-image-preview":"max-image-preview:large","max-video-preview":"max-video-preview:-1"},"canonical":"https:\/\/boschgrowers.com\/es\/bosch-growers-recibe-a-los-ministros-staghouwer-y-jetten\/","og_locale":"es_ES","og_type":"article","og_title":"Bosch Growers recibe a los ministros Staghouwer y Jetten - Bosch Growers","og_description":"Los ministros Staghouwer y Jetten conversan con los productores de Bosch Growers: un di\u00e1logo abierto sobre energ\u00eda, planes de futuro y la vulnerabilidad del sector.","og_url":"https:\/\/boschgrowers.com\/es\/bosch-growers-recibe-a-los-ministros-staghouwer-y-jetten\/","og_site_name":"Bosch Growers","article_published_time":"2022-04-09T10:27:00+00:00","article_modified_time":"2026-03-19T11:23:12+00:00","og_image":[{"width":657,"height":262,"url":"https:\/\/boschgrowers.com\/wp-content\/uploads\/2022\/04\/csm_Bezoek_ministers_2_4207b0ed72.jpg","type":"image\/jpeg"}],"author":"Bosch@Admin","twitter_card":"summary_large_image","twitter_misc":{"Escrito por":"Bosch@Admin","Tiempo de lectura":"3 minutos"},"schema":{"@context":"https:\/\/schema.org","@graph":[{"@type":"Article","@id":"https:\/\/boschgrowers.com\/es\/bosch-growers-recibe-a-los-ministros-staghouwer-y-jetten\/#article","isPartOf":{"@id":"https:\/\/boschgrowers.com\/es\/bosch-growers-recibe-a-los-ministros-staghouwer-y-jetten\/"},"author":{"name":"Bosch@Admin","@id":"https:\/\/boschgrowers.com\/es\/#\/schema\/person\/70a165c155a0f5cf39492267c2dcdf49"},"headline":"Bosch Growers recibe a los ministros Staghouwer y Jetten","datePublished":"2022-04-09T10:27:00+00:00","dateModified":"2026-03-19T11:23:12+00:00","mainEntityOfPage":{"@id":"https:\/\/boschgrowers.com\/es\/bosch-growers-recibe-a-los-ministros-staghouwer-y-jetten\/"},"wordCount":604,"publisher":{"@id":"https:\/\/boschgrowers.com\/es\/#organization"},"image":{"@id":"https:\/\/boschgrowers.com\/es\/bosch-growers-recibe-a-los-ministros-staghouwer-y-jetten\/#primaryimage"},"thumbnailUrl":"https:\/\/boschgrowers.com\/wp-content\/uploads\/2022\/04\/csm_Bezoek_ministers_2_4207b0ed72.jpg","articleSection":["Sin categorizar"],"inLanguage":"es"},{"@type":"WebPage","@id":"https:\/\/boschgrowers.com\/es\/bosch-growers-recibe-a-los-ministros-staghouwer-y-jetten\/","url":"https:\/\/boschgrowers.com\/es\/bosch-growers-recibe-a-los-ministros-staghouwer-y-jetten\/","name":"Bosch Growers recibe a los ministros Staghouwer y Jetten - Bosch Growers","isPartOf":{"@id":"https:\/\/boschgrowers.com\/es\/#website"},"primaryImageOfPage":{"@id":"https:\/\/boschgrowers.com\/es\/bosch-growers-recibe-a-los-ministros-staghouwer-y-jetten\/#primaryimage"},"image":{"@id":"https:\/\/boschgrowers.com\/es\/bosch-growers-recibe-a-los-ministros-staghouwer-y-jetten\/#primaryimage"},"thumbnailUrl":"https:\/\/boschgrowers.com\/wp-content\/uploads\/2022\/04\/csm_Bezoek_ministers_2_4207b0ed72.jpg","datePublished":"2022-04-09T10:27:00+00:00","dateModified":"2026-03-19T11:23:12+00:00","breadcrumb":{"@id":"https:\/\/boschgrowers.com\/es\/bosch-growers-recibe-a-los-ministros-staghouwer-y-jetten\/#breadcrumb"},"inLanguage":"es","potentialAction":[{"@type":"ReadAction","target":["https:\/\/boschgrowers.com\/es\/bosch-growers-recibe-a-los-ministros-staghouwer-y-jetten\/"]}]},{"@type":"ImageObject","inLanguage":"es","@id":"https:\/\/boschgrowers.com\/es\/bosch-growers-recibe-a-los-ministros-staghouwer-y-jetten\/#primaryimage","url":"https:\/\/boschgrowers.com\/wp-content\/uploads\/2022\/04\/csm_Bezoek_ministers_2_4207b0ed72.jpg","contentUrl":"https:\/\/boschgrowers.com\/wp-content\/uploads\/2022\/04\/csm_Bezoek_ministers_2_4207b0ed72.jpg","width":657,"height":262},{"@type":"BreadcrumbList","@id":"https:\/\/boschgrowers.com\/es\/bosch-growers-recibe-a-los-ministros-staghouwer-y-jetten\/#breadcrumb","itemListElement":[{"@type":"ListItem","position":1,"name":"Home","item":"https:\/\/boschgrowers.com\/es\/inicio\/"},{"@type":"ListItem","position":2,"name":"Bosch Growers recibe a los ministros Staghouwer y Jetten"}]},{"@type":"WebSite","@id":"https:\/\/boschgrowers.com\/es\/#website","url":"https:\/\/boschgrowers.com\/es\/","name":"Bosch Growers","description":"Specialist in hightechtuinbouw","publisher":{"@id":"https:\/\/boschgrowers.com\/es\/#organization"},"potentialAction":[{"@type":"SearchAction","target":{"@type":"EntryPoint","urlTemplate":"https:\/\/boschgrowers.com\/es\/?s={search_term_string}"},"query-input":{"@type":"PropertyValueSpecification","valueRequired":true,"valueName":"search_term_string"}}],"inLanguage":"es"},{"@type":"Organization","@id":"https:\/\/boschgrowers.com\/es\/#organization","name":"Bosch Growers","url":"https:\/\/boschgrowers.com\/es\/","logo":{"@type":"ImageObject","inLanguage":"es","@id":"https:\/\/boschgrowers.com\/es\/#\/schema\/logo\/image\/","url":"https:\/\/boschgrowers.com\/wp-content\/uploads\/2026\/03\/Bosch-growers-logo-RGB.png","contentUrl":"https:\/\/boschgrowers.com\/wp-content\/uploads\/2026\/03\/Bosch-growers-logo-RGB.png","width":568,"height":538,"caption":"Bosch Growers"},"image":{"@id":"https:\/\/boschgrowers.com\/es\/#\/schema\/logo\/image\/"}},{"@type":"Person","@id":"https:\/\/boschgrowers.com\/es\/#\/schema\/person\/70a165c155a0f5cf39492267c2dcdf49","name":"Bosch@Admin","image":{"@type":"ImageObject","inLanguage":"es","@id":"https:\/\/secure.gravatar.com\/avatar\/e4fdc5761e0fb940656c2021ab22c0cc77f83d4c8c83951367ea06261bf385e3?s=96&d=mm&r=g","url":"https:\/\/secure.gravatar.com\/avatar\/e4fdc5761e0fb940656c2021ab22c0cc77f83d4c8c83951367ea06261bf385e3?s=96&d=mm&r=g","contentUrl":"https:\/\/secure.gravatar.com\/avatar\/e4fdc5761e0fb940656c2021ab22c0cc77f83d4c8c83951367ea06261bf385e3?s=96&d=mm&r=g","caption":"Bosch@Admin"},"sameAs":["https:\/\/boschgrowers.com"],"url":"https:\/\/boschgrowers.com\/es\/author\/boschadmin\/"}]}},"_links":{"self":[{"href":"https:\/\/boschgrowers.com\/es\/wp-json\/wp\/v2\/posts\/1248","targetHints":{"allow":["GET"]}}],"collection":[{"href":"https:\/\/boschgrowers.com\/es\/wp-json\/wp\/v2\/posts"}],"about":[{"href":"https:\/\/boschgrowers.com\/es\/wp-json\/wp\/v2\/types\/post"}],"author":[{"embeddable":true,"href":"https:\/\/boschgrowers.com\/es\/wp-json\/wp\/v2\/users\/1"}],"replies":[{"embeddable":true,"href":"https:\/\/boschgrowers.com\/es\/wp-json\/wp\/v2\/comments?post=1248"}],"version-history":[{"count":1,"href":"https:\/\/boschgrowers.com\/es\/wp-json\/wp\/v2\/posts\/1248\/revisions"}],"predecessor-version":[{"id":1251,"href":"https:\/\/boschgrowers.com\/es\/wp-json\/wp\/v2\/posts\/1248\/revisions\/1251"}],"wp:featuredmedia":[{"embeddable":true,"href":"https:\/\/boschgrowers.com\/es\/wp-json\/wp\/v2\/media\/1250"}],"wp:attachment":[{"href":"https:\/\/boschgrowers.com\/es\/wp-json\/wp\/v2\/media?parent=1248"}],"wp:term":[{"taxonomy":"category","embeddable":true,"href":"https:\/\/boschgrowers.com\/es\/wp-json\/wp\/v2\/categories?post=1248"},{"taxonomy":"post_tag","embeddable":true,"href":"https:\/\/boschgrowers.com\/es\/wp-json\/wp\/v2\/tags?post=1248"}],"curies":[{"name":"wp","href":"https:\/\/api.w.org\/{rel}","templated":true}]}}